{"id":2316,"date":"2022-09-15T02:52:51","date_gmt":"2022-09-15T02:52:51","guid":{"rendered":"https:\/\/sinafotografiert.de\/?p=2316"},"modified":"2024-04-02T16:51:52","modified_gmt":"2024-04-02T14:51:52","slug":"after-wedding-mykonos-greece","status":"publish","type":"post","link":"https:\/\/sinafotografiert.de\/en\/after-wedding-mykonos-greece\/","title":{"rendered":"After Wedding Mykonos"},"content":{"rendered":"<div class=\"fusion-fullwidth fullwidth-box fusion-builder-row-1 fusion-flex-container nonhundred-percent-fullwidth non-hundred-percent-height-scrolling\" style=\"--awb-border-radius-top-left:0px;--awb-border-radius-top-right:0px;--awb-border-radius-bottom-right:0px;--awb-border-radius-bottom-left:0px;--awb-flex-wrap:wrap;\" ><div class=\"fusion-builder-row fusion-row fusion-flex-align-items-flex-start fusion-flex-content-wrap\" style=\"max-width:1216.8px;margin-left: calc(-4% \/ 2 );margin-right: calc(-4% \/ 2 );\"><div class=\"fusion-layout-column fusion_builder_column fusion-builder-column-0 fusion_builder_column_1_1 1_1 fusion-flex-column\" style=\"--awb-bg-blend:overlay;--awb-bg-size:cover;--awb-width-large:100%;--awb-margin-top-large:0px;--awb-spacing-right-large:1.92%;--awb-margin-bottom-large:0px;--awb-spacing-left-large:1.92%;--awb-width-medium:100%;--awb-spacing-right-medium:1.92%;--awb-spacing-left-medium:1.92%;--awb-width-small:100%;--awb-spacing-right-small:1.92%;--awb-spacing-left-small:1.92%;\"><div class=\"fusion-column-wrapper fusion-flex-justify-content-flex-start fusion-content-layout-column\"><div class=\"fusion-text fusion-text-1\"><p style=\"font-weight: 400;\">Tiara und Nico zelebrierten ihre Liebe mit einem wundersch\u00f6nen After Wedding Shooting auf der traumhaften Insel Mykonos.<\/p>\n<p style=\"font-weight: 400;\">Zum Sonnenaufgang hatten wir den Strand, das Meer und die ber\u00fchmten Windm\u00fchlen ganz f\u00fcr uns allein. In dieser Traumkulisse, mit entspannter Atmosph\u00e4re, sind so unfassbar sch\u00f6ne Erinnerungen f\u00fcr die Ewigkeit entstanden.<\/p>\n<p style=\"font-weight: 400;\">Passend zu dem Zitat \u201eBilder sagen mehr als tausend Worte\u201c m\u00f6chte ich nun auch gar nicht mehr viel sagen. Lasst die Magie der Bilder einfach auf euch wirken und taucht ab, in einen magischen Morgen auf Mykonos!<\/p>\n<\/div><div class=\"awb-gallery-wrapper awb-gallery-wrapper-1 button-span-no\" style=\"--more-btn-alignment:center;\"><div style=\"margin:-5px;--awb-bordersize:0px;\" class=\"fusion-gallery fusion-gallery-container fusion-grid-3 fusion-columns-total-23 fusion-gallery-layout-masonry fusion-gallery-1\"><div class=\"fusion-grid-column fusion-gallery-column fusion-gallery-column-3 hover-type-none fusion-grid-sizer\"><\/div><div style=\"padding:5px;\" class=\"fusion-grid-column fusion-gallery-column fusion-gallery-column-3 hover-type-none fusion-element-grid\"><div class=\"fusion-gallery-image\"><a href=\"https:\/\/sinafotografiert.de\/wp-content\/uploads\/2020\/09\/Foto-08.04.22-04-55-44-scaled.jpg\" rel=\"noreferrer\" data-rel=\"iLightbox[gallery_image_1]\" class=\"fusion-lightbox\" target=\"_self\"><div style=\"background-image:url(https:\/\/sinafotografiert.de\/wp-content\/uploads\/2020\/09\/Foto-08.04.22-04-55-44-scaled.jpg);padding-top:calc((100% + 10px) * 0.8 - 5px);background-position:;\" class=\"fusion-masonry-element-container\"><img loading=\"lazy\" decoding=\"async\" src=\"https:\/\/sinafotografiert.de\/wp-content\/uploads\/2020\/09\/Foto-08.04.22-04-55-44-scaled.jpg\" width=\"1280\" height=\"1920\" alt=\"\" title=\"Foto 08.04.22, 04 55 44\" aria-label=\"Foto 08.04.22, 04 55 44\" class=\"img-responsive wp-image-2195\" srcset=\"https:\/\/sinafotografiert.de\/wp-content\/uploads\/2020\/09\/Foto-08.04.22-04-55-44-200x300.jpg 200w, https:\/\/sinafotografiert.de\/wp-content\/uploads\/2020\/09\/Foto-08.04.22-04-55-44-400x600.jpg 400w, https:\/\/sinafotografiert.de\/wp-content\/uploads\/2020\/09\/Foto-08.04.22-04-55-44-600x900.jpg 600w, https:\/\/sinafotografiert.de\/wp-content\/uploads\/2020\/09\/Foto-08.04.22-04-55-44-800x1200.jpg 800w, https:\/\/sinafotografiert.de\/wp-content\/uploads\/2020\/09\/Foto-08.04.22-04-55-44-1200x1800.jpg 1200w, https:\/\/sinafotografiert.de\/wp-content\/uploads\/2020\/09\/Foto-08.04.22-04-55-44-scaled.jpg 1280w\" sizes=\"auto, (min-width: 2200px) 100vw, (min-width: 1004px) 387px, (min-width: 822px) 580px, (min-width: 640px) 822px, \" \/><\/div><\/a><\/div><\/div><div style=\"padding:5px;\" class=\"fusion-grid-column fusion-gallery-column fusion-gallery-column-3 hover-type-none fusion-element-grid\"><div class=\"fusion-gallery-image\"><a href=\"https:\/\/sinafotografiert.de\/wp-content\/uploads\/2020\/09\/Foto-08.04.22-04-40-28-1-scaled.jpg\" rel=\"noreferrer\" data-rel=\"iLightbox[gallery_image_1]\" class=\"fusion-lightbox\" target=\"_self\"><div style=\"background-image:url(https:\/\/sinafotografiert.de\/wp-content\/uploads\/2020\/09\/Foto-08.04.22-04-40-28-1-scaled.jpg);padding-top:calc((100% + 10px) * 0.8 - 5px);background-position:;\" class=\"fusion-masonry-element-container\"><img loading=\"lazy\" decoding=\"async\" src=\"https:\/\/sinafotografiert.de\/wp-content\/uploads\/2020\/09\/Foto-08.04.22-04-40-28-1-scaled.jpg\" width=\"1920\" height=\"1280\" alt=\"\" title=\"Foto 08.04.22, 04 40 28 (1)\" aria-label=\"Foto 08.04.22, 04 40 28 (1)\" class=\"img-responsive wp-image-2172\" srcset=\"https:\/\/sinafotografiert.de\/wp-content\/uploads\/2020\/09\/Foto-08.04.22-04-40-28-1-200x133.jpg 200w, https:\/\/sinafotografiert.de\/wp-content\/uploads\/2020\/09\/Foto-08.04.22-04-40-28-1-400x267.jpg 400w, https:\/\/sinafotografiert.de\/wp-content\/uploads\/2020\/09\/Foto-08.04.22-04-40-28-1-600x400.jpg 600w, https:\/\/sinafotografiert.de\/wp-content\/uploads\/2020\/09\/Foto-08.04.22-04-40-28-1-800x533.jpg 800w, https:\/\/sinafotografiert.de\/wp-content\/uploads\/2020\/09\/Foto-08.04.22-04-40-28-1-1200x800.jpg 1200w, https:\/\/sinafotografiert.de\/wp-content\/uploads\/2020\/09\/Foto-08.04.22-04-40-28-1-scaled.jpg 1920w\" sizes=\"auto, (min-width: 2200px) 100vw, (min-width: 1004px) 387px, (min-width: 822px) 580px, (min-width: 640px) 822px, \" \/><\/div><\/a><\/div><\/div><div style=\"padding:5px;\" class=\"fusion-grid-column fusion-gallery-column fusion-gallery-column-3 hover-type-none fusion-element-grid\"><div class=\"fusion-gallery-image\"><a href=\"https:\/\/sinafotografiert.de\/wp-content\/uploads\/2020\/09\/Foto-08.04.22-04-55-47-scaled.jpg\" rel=\"noreferrer\" data-rel=\"iLightbox[gallery_image_1]\" class=\"fusion-lightbox\" target=\"_self\"><div style=\"background-image:url(https:\/\/sinafotografiert.de\/wp-content\/uploads\/2020\/09\/Foto-08.04.22-04-55-47-scaled.jpg);padding-top:calc((100% + 10px) * 0.8 - 5px);background-position:;\" class=\"fusion-masonry-element-container\"><img loading=\"lazy\" decoding=\"async\" src=\"https:\/\/sinafotografiert.de\/wp-content\/uploads\/2020\/09\/Foto-08.04.22-04-55-47-scaled.jpg\" width=\"1280\" height=\"1920\" alt=\"hochzeitsfotograf koblenz\" title=\"hochzeitsfotograf koblenz\" aria-label=\"hochzeitsfotograf koblenz\" class=\"img-responsive wp-image-2196\" srcset=\"https:\/\/sinafotografiert.de\/wp-content\/uploads\/2020\/09\/Foto-08.04.22-04-55-47-200x300.jpg 200w, https:\/\/sinafotografiert.de\/wp-content\/uploads\/2020\/09\/Foto-08.04.22-04-55-47-400x600.jpg 400w, https:\/\/sinafotografiert.de\/wp-content\/uploads\/2020\/09\/Foto-08.04.22-04-55-47-600x900.jpg 600w, https:\/\/sinafotografiert.de\/wp-content\/uploads\/2020\/09\/Foto-08.04.22-04-55-47-800x1200.jpg 800w, https:\/\/sinafotografiert.de\/wp-content\/uploads\/2020\/09\/Foto-08.04.22-04-55-47-1200x1800.jpg 1200w, https:\/\/sinafotografiert.de\/wp-content\/uploads\/2020\/09\/Foto-08.04.22-04-55-47-scaled.jpg 1280w\" sizes=\"auto, (min-width: 2200px) 100vw, (min-width: 1004px) 387px, (min-width: 822px) 580px, (min-width: 640px) 822px, \" \/><\/div><\/a><\/div><\/div><div style=\"padding:5px;\" class=\"fusion-grid-column fusion-gallery-column fusion-gallery-column-3 hover-type-none fusion-element-grid\"><div class=\"fusion-gallery-image\"><a href=\"https:\/\/sinafotografiert.de\/wp-content\/uploads\/2020\/09\/Foto-08.04.22-04-53-05-scaled.jpg\" rel=\"noreferrer\" data-rel=\"iLightbox[gallery_image_1]\" class=\"fusion-lightbox\" target=\"_self\"><div style=\"background-image:url(https:\/\/sinafotografiert.de\/wp-content\/uploads\/2020\/09\/Foto-08.04.22-04-53-05-scaled.jpg);padding-top:calc((100% + 10px) * 0.8 - 5px);background-position:;\" class=\"fusion-masonry-element-container\"><img loading=\"lazy\" decoding=\"async\" src=\"https:\/\/sinafotografiert.de\/wp-content\/uploads\/2020\/09\/Foto-08.04.22-04-53-05-scaled.jpg\" width=\"1280\" height=\"1920\" alt=\"\" title=\"Foto 08.04.22, 04 53 05\" aria-label=\"Foto 08.04.22, 04 53 05\" class=\"img-responsive wp-image-2194\" srcset=\"https:\/\/sinafotografiert.de\/wp-content\/uploads\/2020\/09\/Foto-08.04.22-04-53-05-200x300.jpg 200w, https:\/\/sinafotografiert.de\/wp-content\/uploads\/2020\/09\/Foto-08.04.22-04-53-05-400x600.jpg 400w, https:\/\/sinafotografiert.de\/wp-content\/uploads\/2020\/09\/Foto-08.04.22-04-53-05-600x900.jpg 600w, https:\/\/sinafotografiert.de\/wp-content\/uploads\/2020\/09\/Foto-08.04.22-04-53-05-800x1200.jpg 800w, https:\/\/sinafotografiert.de\/wp-content\/uploads\/2020\/09\/Foto-08.04.22-04-53-05-1200x1800.jpg 1200w, https:\/\/sinafotografiert.de\/wp-content\/uploads\/2020\/09\/Foto-08.04.22-04-53-05-scaled.jpg 1280w\" sizes=\"auto, (min-width: 2200px) 100vw, (min-width: 1004px) 387px, (min-width: 822px) 580px, (min-width: 640px) 822px, \" \/><\/div><\/a><\/div><\/div><div style=\"padding:5px;\" class=\"fusion-grid-column fusion-gallery-column fusion-gallery-column-3 hover-type-none fusion-element-grid\"><div class=\"fusion-gallery-image\"><a href=\"https:\/\/sinafotografiert.de\/wp-content\/uploads\/2020\/09\/Foto-08.04.22-04-44-12-1-scaled.jpg\" rel=\"noreferrer\" data-rel=\"iLightbox[gallery_image_1]\" class=\"fusion-lightbox\" target=\"_self\"><div style=\"background-image:url(https:\/\/sinafotografiert.de\/wp-content\/uploads\/2020\/09\/Foto-08.04.22-04-44-12-1-scaled.jpg);padding-top:calc((100% + 10px) * 0.8 - 5px);background-position:;\" class=\"fusion-masonry-element-container\"><img loading=\"lazy\" decoding=\"async\" src=\"https:\/\/sinafotografiert.de\/wp-content\/uploads\/2020\/09\/Foto-08.04.22-04-44-12-1-scaled.jpg\" width=\"1920\" height=\"1280\" alt=\"\" title=\"Foto 08.04.22, 04 44 12 (1)\" aria-label=\"Foto 08.04.22, 04 44 12 (1)\" class=\"img-responsive wp-image-2171\" srcset=\"https:\/\/sinafotografiert.de\/wp-content\/uploads\/2020\/09\/Foto-08.04.22-04-44-12-1-200x133.jpg 200w, https:\/\/sinafotografiert.de\/wp-content\/uploads\/2020\/09\/Foto-08.04.22-04-44-12-1-400x267.jpg 400w, https:\/\/sinafotografiert.de\/wp-content\/uploads\/2020\/09\/Foto-08.04.22-04-44-12-1-600x400.jpg 600w, https:\/\/sinafotografiert.de\/wp-content\/uploads\/2020\/09\/Foto-08.04.22-04-44-12-1-800x533.jpg 800w, https:\/\/sinafotografiert.de\/wp-content\/uploads\/2020\/09\/Foto-08.04.22-04-44-12-1-1200x800.jpg 1200w, https:\/\/sinafotografiert.de\/wp-content\/uploads\/2020\/09\/Foto-08.04.22-04-44-12-1-scaled.jpg 1920w\" sizes=\"auto, (min-width: 2200px) 100vw, (min-width: 1004px) 387px, (min-width: 822px) 580px, (min-width: 640px) 822px, \" \/><\/div><\/a><\/div><\/div><div style=\"padding:5px;\" class=\"fusion-grid-column fusion-gallery-column fusion-gallery-column-3 hover-type-none fusion-element-grid\"><div class=\"fusion-gallery-image\"><a href=\"https:\/\/sinafotografiert.de\/wp-content\/uploads\/2020\/09\/Foto-08.04.22-05-00-50-scaled.jpg\" rel=\"noreferrer\" data-rel=\"iLightbox[gallery_image_1]\" class=\"fusion-lightbox\" target=\"_self\"><div style=\"background-image:url(https:\/\/sinafotografiert.de\/wp-content\/uploads\/2020\/09\/Foto-08.04.22-05-00-50-scaled.jpg);padding-top:calc((100% + 10px) * 0.8 - 5px);background-position:;\" class=\"fusion-masonry-element-container\"><img loading=\"lazy\" decoding=\"async\" src=\"https:\/\/sinafotografiert.de\/wp-content\/uploads\/2020\/09\/Foto-08.04.22-05-00-50-scaled.jpg\" width=\"1920\" height=\"1280\" alt=\"\" title=\"Foto 08.04.22, 05 00 50\" aria-label=\"Foto 08.04.22, 05 00 50\" class=\"img-responsive wp-image-2175\" srcset=\"https:\/\/sinafotografiert.de\/wp-content\/uploads\/2020\/09\/Foto-08.04.22-05-00-50-200x133.jpg 200w, https:\/\/sinafotografiert.de\/wp-content\/uploads\/2020\/09\/Foto-08.04.22-05-00-50-400x267.jpg 400w, https:\/\/sinafotografiert.de\/wp-content\/uploads\/2020\/09\/Foto-08.04.22-05-00-50-600x400.jpg 600w, https:\/\/sinafotografiert.de\/wp-content\/uploads\/2020\/09\/Foto-08.04.22-05-00-50-800x533.jpg 800w, https:\/\/sinafotografiert.de\/wp-content\/uploads\/2020\/09\/Foto-08.04.22-05-00-50-1200x800.jpg 1200w, https:\/\/sinafotografiert.de\/wp-content\/uploads\/2020\/09\/Foto-08.04.22-05-00-50-scaled.jpg 1920w\" sizes=\"auto, (min-width: 2200px) 100vw, (min-width: 1004px) 387px, (min-width: 822px) 580px, (min-width: 640px) 822px, \" \/><\/div><\/a><\/div><\/div><div style=\"padding:5px;\" class=\"fusion-grid-column fusion-gallery-column fusion-gallery-column-3 hover-type-none fusion-element-grid\"><div class=\"fusion-gallery-image\"><a href=\"https:\/\/sinafotografiert.de\/wp-content\/uploads\/2020\/09\/Foto-08.04.22-05-02-56-scaled.jpg\" rel=\"noreferrer\" data-rel=\"iLightbox[gallery_image_1]\" class=\"fusion-lightbox\" target=\"_self\"><div style=\"background-image:url(https:\/\/sinafotografiert.de\/wp-content\/uploads\/2020\/09\/Foto-08.04.22-05-02-56-scaled.jpg);padding-top:calc((100% + 10px) * 0.8 - 5px);background-position:;\" class=\"fusion-masonry-element-container\"><img loading=\"lazy\" decoding=\"async\" src=\"https:\/\/sinafotografiert.de\/wp-content\/uploads\/2020\/09\/Foto-08.04.22-05-02-56-scaled.jpg\" width=\"1920\" height=\"1280\" alt=\"hochzeitsfotograf koblenz\" title=\"hochzeitsfotograf koblenz\" aria-label=\"hochzeitsfotograf koblenz\" class=\"img-responsive wp-image-2174\" srcset=\"https:\/\/sinafotografiert.de\/wp-content\/uploads\/2020\/09\/Foto-08.04.22-05-02-56-200x133.jpg 200w, https:\/\/sinafotografiert.de\/wp-content\/uploads\/2020\/09\/Foto-08.04.22-05-02-56-400x267.jpg 400w, https:\/\/sinafotografiert.de\/wp-content\/uploads\/2020\/09\/Foto-08.04.22-05-02-56-600x400.jpg 600w, https:\/\/sinafotografiert.de\/wp-content\/uploads\/2020\/09\/Foto-08.04.22-05-02-56-800x533.jpg 800w, https:\/\/sinafotografiert.de\/wp-content\/uploads\/2020\/09\/Foto-08.04.22-05-02-56-1200x800.jpg 1200w, https:\/\/sinafotografiert.de\/wp-content\/uploads\/2020\/09\/Foto-08.04.22-05-02-56-scaled.jpg 1920w\" sizes=\"auto, (min-width: 2200px) 100vw, (min-width: 1004px) 387px, (min-width: 822px) 580px, (min-width: 640px) 822px, \" \/><\/div><\/a><\/div><\/div><div style=\"padding:5px;\" class=\"fusion-grid-column fusion-gallery-column fusion-gallery-column-3 hover-type-none fusion-element-grid\"><div class=\"fusion-gallery-image\"><a href=\"https:\/\/sinafotografiert.de\/wp-content\/uploads\/2020\/09\/Foto-08.04.22-05-24-51-scaled.jpg\" rel=\"noreferrer\" data-rel=\"iLightbox[gallery_image_1]\" class=\"fusion-lightbox\" target=\"_self\"><div style=\"background-image:url(https:\/\/sinafotografiert.de\/wp-content\/uploads\/2020\/09\/Foto-08.04.22-05-24-51-scaled.jpg);padding-top:calc((100% + 10px) * 0.8 - 5px);background-position:;\" class=\"fusion-masonry-element-container\"><img loading=\"lazy\" decoding=\"async\" src=\"https:\/\/sinafotografiert.de\/wp-content\/uploads\/2020\/09\/Foto-08.04.22-05-24-51-scaled.jpg\" width=\"1280\" height=\"1920\" alt=\"\" title=\"Foto 08.04.22, 05 24 51\" aria-label=\"Foto 08.04.22, 05 24 51\" class=\"img-responsive wp-image-2168\" srcset=\"https:\/\/sinafotografiert.de\/wp-content\/uploads\/2020\/09\/Foto-08.04.22-05-24-51-200x300.jpg 200w, https:\/\/sinafotografiert.de\/wp-content\/uploads\/2020\/09\/Foto-08.04.22-05-24-51-400x600.jpg 400w, https:\/\/sinafotografiert.de\/wp-content\/uploads\/2020\/09\/Foto-08.04.22-05-24-51-600x900.jpg 600w, https:\/\/sinafotografiert.de\/wp-content\/uploads\/2020\/09\/Foto-08.04.22-05-24-51-800x1200.jpg 800w, https:\/\/sinafotografiert.de\/wp-content\/uploads\/2020\/09\/Foto-08.04.22-05-24-51-1200x1800.jpg 1200w, https:\/\/sinafotografiert.de\/wp-content\/uploads\/2020\/09\/Foto-08.04.22-05-24-51-scaled.jpg 1280w\" sizes=\"auto, (min-width: 2200px) 100vw, (min-width: 1004px) 387px, (min-width: 822px) 580px, (min-width: 640px) 822px, \" \/><\/div><\/a><\/div><\/div><div style=\"padding:5px;\" class=\"fusion-grid-column fusion-gallery-column fusion-gallery-column-3 hover-type-none fusion-element-grid\"><div class=\"fusion-gallery-image\"><a href=\"https:\/\/sinafotografiert.de\/wp-content\/uploads\/2020\/09\/Foto-08.04.22-05-25-46-scaled.jpg\" rel=\"noreferrer\" data-rel=\"iLightbox[gallery_image_1]\" class=\"fusion-lightbox\" target=\"_self\"><div style=\"background-image:url(https:\/\/sinafotografiert.de\/wp-content\/uploads\/2020\/09\/Foto-08.04.22-05-25-46-scaled.jpg);padding-top:calc((100% + 10px) * 0.8 - 5px);background-position:;\" class=\"fusion-masonry-element-container\"><img loading=\"lazy\" decoding=\"async\" src=\"https:\/\/sinafotografiert.de\/wp-content\/uploads\/2020\/09\/Foto-08.04.22-05-25-46-scaled.jpg\" width=\"1920\" height=\"1280\" alt=\"\" title=\"Foto 08.04.22, 05 25 46\" aria-label=\"Foto 08.04.22, 05 25 46\" class=\"img-responsive wp-image-2176\" srcset=\"https:\/\/sinafotografiert.de\/wp-content\/uploads\/2020\/09\/Foto-08.04.22-05-25-46-200x133.jpg 200w, https:\/\/sinafotografiert.de\/wp-content\/uploads\/2020\/09\/Foto-08.04.22-05-25-46-400x267.jpg 400w, https:\/\/sinafotografiert.de\/wp-content\/uploads\/2020\/09\/Foto-08.04.22-05-25-46-600x400.jpg 600w, https:\/\/sinafotografiert.de\/wp-content\/uploads\/2020\/09\/Foto-08.04.22-05-25-46-800x533.jpg 800w, https:\/\/sinafotografiert.de\/wp-content\/uploads\/2020\/09\/Foto-08.04.22-05-25-46-1200x800.jpg 1200w, https:\/\/sinafotografiert.de\/wp-content\/uploads\/2020\/09\/Foto-08.04.22-05-25-46-scaled.jpg 1920w\" sizes=\"auto, (min-width: 2200px) 100vw, (min-width: 1004px) 387px, (min-width: 822px) 580px, (min-width: 640px) 822px, \" \/><\/div><\/a><\/div><\/div><div style=\"padding:5px;\" class=\"fusion-grid-column fusion-gallery-column fusion-gallery-column-3 hover-type-none fusion-element-grid\"><div class=\"fusion-gallery-image\"><a href=\"https:\/\/sinafotografiert.de\/wp-content\/uploads\/2020\/09\/Foto-08.04.22-05-25-50-scaled.jpg\" rel=\"noreferrer\" data-rel=\"iLightbox[gallery_image_1]\" class=\"fusion-lightbox\" target=\"_self\"><div style=\"background-image:url(https:\/\/sinafotografiert.de\/wp-content\/uploads\/2020\/09\/Foto-08.04.22-05-25-50-scaled.jpg);padding-top:calc((100% + 10px) * 0.8 - 5px);background-position:;\" class=\"fusion-masonry-element-container\"><img loading=\"lazy\" decoding=\"async\" src=\"https:\/\/sinafotografiert.de\/wp-content\/uploads\/2020\/09\/Foto-08.04.22-05-25-50-scaled.jpg\" width=\"1920\" height=\"1280\" alt=\"\" title=\"Foto 08.04.22, 05 25 50\" aria-label=\"Foto 08.04.22, 05 25 50\" class=\"img-responsive wp-image-2177\" srcset=\"https:\/\/sinafotografiert.de\/wp-content\/uploads\/2020\/09\/Foto-08.04.22-05-25-50-200x133.jpg 200w, https:\/\/sinafotografiert.de\/wp-content\/uploads\/2020\/09\/Foto-08.04.22-05-25-50-400x267.jpg 400w, https:\/\/sinafotografiert.de\/wp-content\/uploads\/2020\/09\/Foto-08.04.22-05-25-50-600x400.jpg 600w, https:\/\/sinafotografiert.de\/wp-content\/uploads\/2020\/09\/Foto-08.04.22-05-25-50-800x533.jpg 800w, https:\/\/sinafotografiert.de\/wp-content\/uploads\/2020\/09\/Foto-08.04.22-05-25-50-1200x800.jpg 1200w, https:\/\/sinafotografiert.de\/wp-content\/uploads\/2020\/09\/Foto-08.04.22-05-25-50-scaled.jpg 1920w\" sizes=\"auto, (min-width: 2200px) 100vw, (min-width: 1004px) 387px, (min-width: 822px) 580px, (min-width: 640px) 822px, \" \/><\/div><\/a><\/div><\/div><div style=\"padding:5px;\" class=\"fusion-grid-column fusion-gallery-column fusion-gallery-column-3 hover-type-none fusion-element-grid\"><div class=\"fusion-gallery-image\"><a href=\"https:\/\/sinafotografiert.de\/wp-content\/uploads\/2020\/09\/Foto-08.04.22-05-24-30-scaled.jpg\" rel=\"noreferrer\" data-rel=\"iLightbox[gallery_image_1]\" class=\"fusion-lightbox\" target=\"_self\"><div style=\"background-image:url(https:\/\/sinafotografiert.de\/wp-content\/uploads\/2020\/09\/Foto-08.04.22-05-24-30-scaled.jpg);padding-top:calc((100% + 10px) * 0.8 - 5px);background-position:;\" class=\"fusion-masonry-element-container\"><img loading=\"lazy\" decoding=\"async\" src=\"https:\/\/sinafotografiert.de\/wp-content\/uploads\/2020\/09\/Foto-08.04.22-05-24-30-scaled.jpg\" width=\"1920\" height=\"1280\" alt=\"\" title=\"Foto 08.04.22, 05 24 30\" aria-label=\"Foto 08.04.22, 05 24 30\" class=\"img-responsive wp-image-2169\" srcset=\"https:\/\/sinafotografiert.de\/wp-content\/uploads\/2020\/09\/Foto-08.04.22-05-24-30-200x133.jpg 200w, https:\/\/sinafotografiert.de\/wp-content\/uploads\/2020\/09\/Foto-08.04.22-05-24-30-400x267.jpg 400w, https:\/\/sinafotografiert.de\/wp-content\/uploads\/2020\/09\/Foto-08.04.22-05-24-30-600x400.jpg 600w, https:\/\/sinafotografiert.de\/wp-content\/uploads\/2020\/09\/Foto-08.04.22-05-24-30-800x533.jpg 800w, https:\/\/sinafotografiert.de\/wp-content\/uploads\/2020\/09\/Foto-08.04.22-05-24-30-1200x800.jpg 1200w, https:\/\/sinafotografiert.de\/wp-content\/uploads\/2020\/09\/Foto-08.04.22-05-24-30-scaled.jpg 1920w\" sizes=\"auto, (min-width: 2200px) 100vw, (min-width: 1004px) 387px, (min-width: 822px) 580px, (min-width: 640px) 822px, \" \/><\/div><\/a><\/div><\/div><div style=\"padding:5px;\" class=\"fusion-grid-column fusion-gallery-column fusion-gallery-column-3 hover-type-none fusion-element-grid\"><div class=\"fusion-gallery-image\"><a href=\"https:\/\/sinafotografiert.de\/wp-content\/uploads\/2020\/09\/Foto-08.04.22-05-06-52-scaled.jpg\" rel=\"noreferrer\" data-rel=\"iLightbox[gallery_image_1]\" class=\"fusion-lightbox\" target=\"_self\"><div style=\"background-image:url(https:\/\/sinafotografiert.de\/wp-content\/uploads\/2020\/09\/Foto-08.04.22-05-06-52-scaled.jpg);padding-top:calc((100% + 10px) * 0.8 - 5px);background-position:;\" class=\"fusion-masonry-element-container\"><img loading=\"lazy\" decoding=\"async\" src=\"https:\/\/sinafotografiert.de\/wp-content\/uploads\/2020\/09\/Foto-08.04.22-05-06-52-scaled.jpg\" width=\"1920\" height=\"1280\" alt=\"\" title=\"Foto 08.04.22, 05 06 52\" aria-label=\"Foto 08.04.22, 05 06 52\" class=\"img-responsive wp-image-2173\" srcset=\"https:\/\/sinafotografiert.de\/wp-content\/uploads\/2020\/09\/Foto-08.04.22-05-06-52-200x133.jpg 200w, https:\/\/sinafotografiert.de\/wp-content\/uploads\/2020\/09\/Foto-08.04.22-05-06-52-400x267.jpg 400w, https:\/\/sinafotografiert.de\/wp-content\/uploads\/2020\/09\/Foto-08.04.22-05-06-52-600x400.jpg 600w, https:\/\/sinafotografiert.de\/wp-content\/uploads\/2020\/09\/Foto-08.04.22-05-06-52-800x533.jpg 800w, https:\/\/sinafotografiert.de\/wp-content\/uploads\/2020\/09\/Foto-08.04.22-05-06-52-1200x800.jpg 1200w, https:\/\/sinafotografiert.de\/wp-content\/uploads\/2020\/09\/Foto-08.04.22-05-06-52-scaled.jpg 1920w\" sizes=\"auto, (min-width: 2200px) 100vw, (min-width: 1004px) 387px, (min-width: 822px) 580px, (min-width: 640px) 822px, \" \/><\/div><\/a><\/div><\/div><div style=\"padding:5px;\" class=\"fusion-grid-column fusion-gallery-column fusion-gallery-column-3 hover-type-none fusion-element-grid\"><div class=\"fusion-gallery-image\"><a href=\"https:\/\/sinafotografiert.de\/wp-content\/uploads\/2020\/09\/Foto-08.04.22-05-31-18-scaled.jpg\" rel=\"noreferrer\" data-rel=\"iLightbox[gallery_image_1]\" class=\"fusion-lightbox\" target=\"_self\"><div style=\"background-image:url(https:\/\/sinafotografiert.de\/wp-content\/uploads\/2020\/09\/Foto-08.04.22-05-31-18-scaled.jpg);padding-top:calc((100% + 10px) * 0.8 - 5px);background-position:;\" class=\"fusion-masonry-element-container\"><img loading=\"lazy\" decoding=\"async\" src=\"https:\/\/sinafotografiert.de\/wp-content\/uploads\/2020\/09\/Foto-08.04.22-05-31-18-scaled.jpg\" width=\"1920\" height=\"1280\" alt=\"\" title=\"Foto 08.04.22, 05 31 18\" aria-label=\"Foto 08.04.22, 05 31 18\" class=\"img-responsive wp-image-2166\" srcset=\"https:\/\/sinafotografiert.de\/wp-content\/uploads\/2020\/09\/Foto-08.04.22-05-31-18-200x133.jpg 200w, https:\/\/sinafotografiert.de\/wp-content\/uploads\/2020\/09\/Foto-08.04.22-05-31-18-400x267.jpg 400w, https:\/\/sinafotografiert.de\/wp-content\/uploads\/2020\/09\/Foto-08.04.22-05-31-18-600x400.jpg 600w, https:\/\/sinafotografiert.de\/wp-content\/uploads\/2020\/09\/Foto-08.04.22-05-31-18-800x533.jpg 800w, https:\/\/sinafotografiert.de\/wp-content\/uploads\/2020\/09\/Foto-08.04.22-05-31-18-1200x800.jpg 1200w, https:\/\/sinafotografiert.de\/wp-content\/uploads\/2020\/09\/Foto-08.04.22-05-31-18-scaled.jpg 1920w\" sizes=\"auto, (min-width: 2200px) 100vw, (min-width: 1004px) 387px, (min-width: 822px) 580px, (min-width: 640px) 822px, \" \/><\/div><\/a><\/div><\/div><div style=\"padding:5px;\" class=\"fusion-grid-column fusion-gallery-column fusion-gallery-column-3 hover-type-none fusion-element-grid\"><div class=\"fusion-gallery-image\"><a href=\"https:\/\/sinafotografiert.de\/wp-content\/uploads\/2020\/09\/Foto-08.04.22-05-52-15-scaled.jpg\" rel=\"noreferrer\" data-rel=\"iLightbox[gallery_image_1]\" class=\"fusion-lightbox\" target=\"_self\"><div style=\"background-image:url(https:\/\/sinafotografiert.de\/wp-content\/uploads\/2020\/09\/Foto-08.04.22-05-52-15-scaled.jpg);padding-top:calc((100% + 10px) * 0.8 - 5px);background-position:;\" class=\"fusion-masonry-element-container\"><img loading=\"lazy\" decoding=\"async\" src=\"https:\/\/sinafotografiert.de\/wp-content\/uploads\/2020\/09\/Foto-08.04.22-05-52-15-scaled.jpg\" width=\"1920\" height=\"1280\" alt=\"\" title=\"Foto 08.04.22, 05 52 15\" aria-label=\"Foto 08.04.22, 05 52 15\" class=\"img-responsive wp-image-2183\" srcset=\"https:\/\/sinafotografiert.de\/wp-content\/uploads\/2020\/09\/Foto-08.04.22-05-52-15-200x133.jpg 200w, https:\/\/sinafotografiert.de\/wp-content\/uploads\/2020\/09\/Foto-08.04.22-05-52-15-400x267.jpg 400w, https:\/\/sinafotografiert.de\/wp-content\/uploads\/2020\/09\/Foto-08.04.22-05-52-15-600x400.jpg 600w, https:\/\/sinafotografiert.de\/wp-content\/uploads\/2020\/09\/Foto-08.04.22-05-52-15-800x533.jpg 800w, https:\/\/sinafotografiert.de\/wp-content\/uploads\/2020\/09\/Foto-08.04.22-05-52-15-1200x800.jpg 1200w, https:\/\/sinafotografiert.de\/wp-content\/uploads\/2020\/09\/Foto-08.04.22-05-52-15-scaled.jpg 1920w\" sizes=\"auto, (min-width: 2200px) 100vw, (min-width: 1004px) 387px, (min-width: 822px) 580px, (min-width: 640px) 822px, \" \/><\/div><\/a><\/div><\/div><div style=\"padding:5px;\" class=\"fusion-grid-column fusion-gallery-column fusion-gallery-column-3 hover-type-none fusion-element-grid\"><div class=\"fusion-gallery-image\"><a href=\"https:\/\/sinafotografiert.de\/wp-content\/uploads\/2020\/09\/Foto-08.04.22-05-53-38-scaled.jpg\" rel=\"noreferrer\" data-rel=\"iLightbox[gallery_image_1]\" class=\"fusion-lightbox\" target=\"_self\"><div style=\"background-image:url(https:\/\/sinafotografiert.de\/wp-content\/uploads\/2020\/09\/Foto-08.04.22-05-53-38-scaled.jpg);padding-top:calc((100% + 10px) * 0.8 - 5px);background-position:;\" class=\"fusion-masonry-element-container\"><img loading=\"lazy\" decoding=\"async\" src=\"https:\/\/sinafotografiert.de\/wp-content\/uploads\/2020\/09\/Foto-08.04.22-05-53-38-scaled.jpg\" width=\"1920\" height=\"1280\" alt=\"\" title=\"Foto 08.04.22, 05 53 38\" aria-label=\"Foto 08.04.22, 05 53 38\" class=\"img-responsive wp-image-2182\" srcset=\"https:\/\/sinafotografiert.de\/wp-content\/uploads\/2020\/09\/Foto-08.04.22-05-53-38-200x133.jpg 200w, https:\/\/sinafotografiert.de\/wp-content\/uploads\/2020\/09\/Foto-08.04.22-05-53-38-400x267.jpg 400w, https:\/\/sinafotografiert.de\/wp-content\/uploads\/2020\/09\/Foto-08.04.22-05-53-38-600x400.jpg 600w, https:\/\/sinafotografiert.de\/wp-content\/uploads\/2020\/09\/Foto-08.04.22-05-53-38-800x533.jpg 800w, https:\/\/sinafotografiert.de\/wp-content\/uploads\/2020\/09\/Foto-08.04.22-05-53-38-1200x800.jpg 1200w, https:\/\/sinafotografiert.de\/wp-content\/uploads\/2020\/09\/Foto-08.04.22-05-53-38-scaled.jpg 1920w\" sizes=\"auto, (min-width: 2200px) 100vw, (min-width: 1004px) 387px, (min-width: 822px) 580px, (min-width: 640px) 822px, \" \/><\/div><\/a><\/div><\/div><div style=\"padding:5px;\" class=\"fusion-grid-column fusion-gallery-column fusion-gallery-column-3 hover-type-none fusion-element-grid\"><div class=\"fusion-gallery-image\"><a href=\"https:\/\/sinafotografiert.de\/wp-content\/uploads\/2020\/09\/Foto-08.04.22-05-53-38-1-scaled.jpg\" rel=\"noreferrer\" data-rel=\"iLightbox[gallery_image_1]\" class=\"fusion-lightbox\" target=\"_self\"><div style=\"background-image:url(https:\/\/sinafotografiert.de\/wp-content\/uploads\/2020\/09\/Foto-08.04.22-05-53-38-1-scaled.jpg);padding-top:calc((100% + 10px) * 0.8 - 5px);background-position:;\" class=\"fusion-masonry-element-container\"><img loading=\"lazy\" decoding=\"async\" src=\"https:\/\/sinafotografiert.de\/wp-content\/uploads\/2020\/09\/Foto-08.04.22-05-53-38-1-scaled.jpg\" width=\"1920\" height=\"1280\" alt=\"\" title=\"Foto 08.04.22, 05 53 38 (1)\" aria-label=\"Foto 08.04.22, 05 53 38 (1)\" class=\"img-responsive wp-image-2181\" srcset=\"https:\/\/sinafotografiert.de\/wp-content\/uploads\/2020\/09\/Foto-08.04.22-05-53-38-1-200x133.jpg 200w, https:\/\/sinafotografiert.de\/wp-content\/uploads\/2020\/09\/Foto-08.04.22-05-53-38-1-400x267.jpg 400w, https:\/\/sinafotografiert.de\/wp-content\/uploads\/2020\/09\/Foto-08.04.22-05-53-38-1-600x400.jpg 600w, https:\/\/sinafotografiert.de\/wp-content\/uploads\/2020\/09\/Foto-08.04.22-05-53-38-1-800x533.jpg 800w, https:\/\/sinafotografiert.de\/wp-content\/uploads\/2020\/09\/Foto-08.04.22-05-53-38-1-1200x800.jpg 1200w, https:\/\/sinafotografiert.de\/wp-content\/uploads\/2020\/09\/Foto-08.04.22-05-53-38-1-scaled.jpg 1920w\" sizes=\"auto, (min-width: 2200px) 100vw, (min-width: 1004px) 387px, (min-width: 822px) 580px, (min-width: 640px) 822px, \" \/><\/div><\/a><\/div><\/div><div style=\"padding:5px;\" class=\"fusion-grid-column fusion-gallery-column fusion-gallery-column-3 hover-type-none fusion-element-grid\"><div class=\"fusion-gallery-image\"><a href=\"https:\/\/sinafotografiert.de\/wp-content\/uploads\/2020\/09\/Foto-08.04.22-05-57-17-scaled.jpg\" rel=\"noreferrer\" data-rel=\"iLightbox[gallery_image_1]\" class=\"fusion-lightbox\" target=\"_self\"><div style=\"background-image:url(https:\/\/sinafotografiert.de\/wp-content\/uploads\/2020\/09\/Foto-08.04.22-05-57-17-scaled.jpg);padding-top:calc((100% + 10px) * 0.8 - 5px);background-position:;\" class=\"fusion-masonry-element-container\"><img loading=\"lazy\" decoding=\"async\" src=\"https:\/\/sinafotografiert.de\/wp-content\/uploads\/2020\/09\/Foto-08.04.22-05-57-17-scaled.jpg\" width=\"1920\" height=\"1280\" alt=\"\" title=\"Foto 08.04.22, 05 57 17\" aria-label=\"Foto 08.04.22, 05 57 17\" class=\"img-responsive wp-image-2180\" srcset=\"https:\/\/sinafotografiert.de\/wp-content\/uploads\/2020\/09\/Foto-08.04.22-05-57-17-200x133.jpg 200w, https:\/\/sinafotografiert.de\/wp-content\/uploads\/2020\/09\/Foto-08.04.22-05-57-17-400x267.jpg 400w, https:\/\/sinafotografiert.de\/wp-content\/uploads\/2020\/09\/Foto-08.04.22-05-57-17-600x400.jpg 600w, https:\/\/sinafotografiert.de\/wp-content\/uploads\/2020\/09\/Foto-08.04.22-05-57-17-800x533.jpg 800w, https:\/\/sinafotografiert.de\/wp-content\/uploads\/2020\/09\/Foto-08.04.22-05-57-17-1200x800.jpg 1200w, https:\/\/sinafotografiert.de\/wp-content\/uploads\/2020\/09\/Foto-08.04.22-05-57-17-scaled.jpg 1920w\" sizes=\"auto, (min-width: 2200px) 100vw, (min-width: 1004px) 387px, (min-width: 822px) 580px, (min-width: 640px) 822px, \" \/><\/div><\/a><\/div><\/div><div style=\"padding:5px;\" class=\"fusion-grid-column fusion-gallery-column fusion-gallery-column-3 hover-type-none fusion-element-grid\"><div class=\"fusion-gallery-image\"><a href=\"https:\/\/sinafotografiert.de\/wp-content\/uploads\/2020\/09\/Foto-08.04.22-05-57-18-scaled.jpg\" rel=\"noreferrer\" data-rel=\"iLightbox[gallery_image_1]\" class=\"fusion-lightbox\" target=\"_self\"><div style=\"background-image:url(https:\/\/sinafotografiert.de\/wp-content\/uploads\/2020\/09\/Foto-08.04.22-05-57-18-scaled.jpg);padding-top:calc((100% + 10px) * 0.8 - 5px);background-position:;\" class=\"fusion-masonry-element-container\"><img loading=\"lazy\" decoding=\"async\" src=\"https:\/\/sinafotografiert.de\/wp-content\/uploads\/2020\/09\/Foto-08.04.22-05-57-18-scaled.jpg\" width=\"1920\" height=\"1280\" alt=\"\" title=\"Foto 08.04.22, 05 57 18\" aria-label=\"Foto 08.04.22, 05 57 18\" class=\"img-responsive wp-image-2178\" srcset=\"https:\/\/sinafotografiert.de\/wp-content\/uploads\/2020\/09\/Foto-08.04.22-05-57-18-200x133.jpg 200w, https:\/\/sinafotografiert.de\/wp-content\/uploads\/2020\/09\/Foto-08.04.22-05-57-18-400x267.jpg 400w, https:\/\/sinafotografiert.de\/wp-content\/uploads\/2020\/09\/Foto-08.04.22-05-57-18-600x400.jpg 600w, https:\/\/sinafotografiert.de\/wp-content\/uploads\/2020\/09\/Foto-08.04.22-05-57-18-800x533.jpg 800w, https:\/\/sinafotografiert.de\/wp-content\/uploads\/2020\/09\/Foto-08.04.22-05-57-18-1200x800.jpg 1200w, https:\/\/sinafotografiert.de\/wp-content\/uploads\/2020\/09\/Foto-08.04.22-05-57-18-scaled.jpg 1920w\" sizes=\"auto, (min-width: 2200px) 100vw, (min-width: 1004px) 387px, (min-width: 822px) 580px, (min-width: 640px) 822px, \" \/><\/div><\/a><\/div><\/div><div style=\"padding:5px;\" class=\"fusion-grid-column fusion-gallery-column fusion-gallery-column-3 hover-type-none fusion-element-grid\"><div class=\"fusion-gallery-image\"><a href=\"https:\/\/sinafotografiert.de\/wp-content\/uploads\/2020\/09\/Foto-08.04.22-05-54-33-scaled.jpg\" rel=\"noreferrer\" data-rel=\"iLightbox[gallery_image_1]\" class=\"fusion-lightbox\" target=\"_self\"><div style=\"background-image:url(https:\/\/sinafotografiert.de\/wp-content\/uploads\/2020\/09\/Foto-08.04.22-05-54-33-scaled.jpg);padding-top:calc((100% + 10px) * 0.8 - 5px);background-position:;\" class=\"fusion-masonry-element-container\"><img loading=\"lazy\" decoding=\"async\" src=\"https:\/\/sinafotografiert.de\/wp-content\/uploads\/2020\/09\/Foto-08.04.22-05-54-33-scaled.jpg\" width=\"1280\" height=\"1920\" alt=\"\" title=\"Foto 08.04.22, 05 54 33\" aria-label=\"Foto 08.04.22, 05 54 33\" class=\"img-responsive wp-image-2184\" srcset=\"https:\/\/sinafotografiert.de\/wp-content\/uploads\/2020\/09\/Foto-08.04.22-05-54-33-200x300.jpg 200w, https:\/\/sinafotografiert.de\/wp-content\/uploads\/2020\/09\/Foto-08.04.22-05-54-33-400x600.jpg 400w, https:\/\/sinafotografiert.de\/wp-content\/uploads\/2020\/09\/Foto-08.04.22-05-54-33-600x900.jpg 600w, https:\/\/sinafotografiert.de\/wp-content\/uploads\/2020\/09\/Foto-08.04.22-05-54-33-800x1200.jpg 800w, https:\/\/sinafotografiert.de\/wp-content\/uploads\/2020\/09\/Foto-08.04.22-05-54-33-1200x1800.jpg 1200w, https:\/\/sinafotografiert.de\/wp-content\/uploads\/2020\/09\/Foto-08.04.22-05-54-33-scaled.jpg 1280w\" sizes=\"auto, (min-width: 2200px) 100vw, (min-width: 1004px) 387px, (min-width: 822px) 580px, (min-width: 640px) 822px, \" \/><\/div><\/a><\/div><\/div><div style=\"padding:5px;\" class=\"fusion-grid-column fusion-gallery-column fusion-gallery-column-3 hover-type-none fusion-element-grid\"><div class=\"fusion-gallery-image\"><a href=\"https:\/\/sinafotografiert.de\/wp-content\/uploads\/2020\/09\/Foto-08.04.22-05-54-30-scaled.jpg\" rel=\"noreferrer\" data-rel=\"iLightbox[gallery_image_1]\" class=\"fusion-lightbox\" target=\"_self\"><div style=\"background-image:url(https:\/\/sinafotografiert.de\/wp-content\/uploads\/2020\/09\/Foto-08.04.22-05-54-30-scaled.jpg);padding-top:calc((100% + 10px) * 0.8 - 5px);background-position:;\" class=\"fusion-masonry-element-container\"><img loading=\"lazy\" decoding=\"async\" src=\"https:\/\/sinafotografiert.de\/wp-content\/uploads\/2020\/09\/Foto-08.04.22-05-54-30-scaled.jpg\" width=\"1280\" height=\"1920\" alt=\"\" title=\"Foto 08.04.22, 05 54 30\" aria-label=\"Foto 08.04.22, 05 54 30\" class=\"img-responsive wp-image-2185\" srcset=\"https:\/\/sinafotografiert.de\/wp-content\/uploads\/2020\/09\/Foto-08.04.22-05-54-30-200x300.jpg 200w, https:\/\/sinafotografiert.de\/wp-content\/uploads\/2020\/09\/Foto-08.04.22-05-54-30-400x600.jpg 400w, https:\/\/sinafotografiert.de\/wp-content\/uploads\/2020\/09\/Foto-08.04.22-05-54-30-600x900.jpg 600w, https:\/\/sinafotografiert.de\/wp-content\/uploads\/2020\/09\/Foto-08.04.22-05-54-30-800x1200.jpg 800w, https:\/\/sinafotografiert.de\/wp-content\/uploads\/2020\/09\/Foto-08.04.22-05-54-30-1200x1800.jpg 1200w, https:\/\/sinafotografiert.de\/wp-content\/uploads\/2020\/09\/Foto-08.04.22-05-54-30-scaled.jpg 1280w\" sizes=\"auto, (min-width: 2200px) 100vw, (min-width: 1004px) 387px, (min-width: 822px) 580px, (min-width: 640px) 822px, \" \/><\/div><\/a><\/div><\/div><div style=\"padding:5px;\" class=\"fusion-grid-column fusion-gallery-column fusion-gallery-column-3 hover-type-none fusion-element-grid\"><div class=\"fusion-gallery-image\"><a href=\"https:\/\/sinafotografiert.de\/wp-content\/uploads\/2020\/09\/Foto-08.04.22-05-54-26-scaled.jpg\" rel=\"noreferrer\" data-rel=\"iLightbox[gallery_image_1]\" class=\"fusion-lightbox\" target=\"_self\"><div style=\"background-image:url(https:\/\/sinafotografiert.de\/wp-content\/uploads\/2020\/09\/Foto-08.04.22-05-54-26-scaled.jpg);padding-top:calc((100% + 10px) * 0.8 - 5px);background-position:;\" class=\"fusion-masonry-element-container\"><img loading=\"lazy\" decoding=\"async\" src=\"https:\/\/sinafotografiert.de\/wp-content\/uploads\/2020\/09\/Foto-08.04.22-05-54-26-scaled.jpg\" width=\"1280\" height=\"1920\" alt=\"\" title=\"Foto 08.04.22, 05 54 26\" aria-label=\"Foto 08.04.22, 05 54 26\" class=\"img-responsive wp-image-2197\" srcset=\"https:\/\/sinafotografiert.de\/wp-content\/uploads\/2020\/09\/Foto-08.04.22-05-54-26-200x300.jpg 200w, https:\/\/sinafotografiert.de\/wp-content\/uploads\/2020\/09\/Foto-08.04.22-05-54-26-400x600.jpg 400w, https:\/\/sinafotografiert.de\/wp-content\/uploads\/2020\/09\/Foto-08.04.22-05-54-26-600x900.jpg 600w, https:\/\/sinafotografiert.de\/wp-content\/uploads\/2020\/09\/Foto-08.04.22-05-54-26-800x1200.jpg 800w, https:\/\/sinafotografiert.de\/wp-content\/uploads\/2020\/09\/Foto-08.04.22-05-54-26-1200x1800.jpg 1200w, https:\/\/sinafotografiert.de\/wp-content\/uploads\/2020\/09\/Foto-08.04.22-05-54-26-scaled.jpg 1280w\" sizes=\"auto, (min-width: 2200px) 100vw, (min-width: 1004px) 387px, (min-width: 822px) 580px, (min-width: 640px) 822px, \" \/><\/div><\/a><\/div><\/div><div style=\"padding:5px;\" class=\"fusion-grid-column fusion-gallery-column fusion-gallery-column-3 hover-type-none fusion-element-grid\"><div class=\"fusion-gallery-image\"><a href=\"https:\/\/sinafotografiert.de\/wp-content\/uploads\/2020\/09\/Foto-08.04.22-06-16-51-scaled.jpg\" rel=\"noreferrer\" data-rel=\"iLightbox[gallery_image_1]\" class=\"fusion-lightbox\" target=\"_self\"><div style=\"background-image:url(https:\/\/sinafotografiert.de\/wp-content\/uploads\/2020\/09\/Foto-08.04.22-06-16-51-scaled.jpg);padding-top:calc((100% + 10px) * 0.8 - 5px);background-position:;\" class=\"fusion-masonry-element-container\"><img loading=\"lazy\" decoding=\"async\" src=\"https:\/\/sinafotografiert.de\/wp-content\/uploads\/2020\/09\/Foto-08.04.22-06-16-51-scaled.jpg\" width=\"1280\" height=\"1920\" alt=\"\" title=\"Foto 08.04.22, 06 16 51\" aria-label=\"Foto 08.04.22, 06 16 51\" class=\"img-responsive wp-image-2199\" srcset=\"https:\/\/sinafotografiert.de\/wp-content\/uploads\/2020\/09\/Foto-08.04.22-06-16-51-200x300.jpg 200w, https:\/\/sinafotografiert.de\/wp-content\/uploads\/2020\/09\/Foto-08.04.22-06-16-51-400x600.jpg 400w, https:\/\/sinafotografiert.de\/wp-content\/uploads\/2020\/09\/Foto-08.04.22-06-16-51-600x900.jpg 600w, https:\/\/sinafotografiert.de\/wp-content\/uploads\/2020\/09\/Foto-08.04.22-06-16-51-800x1200.jpg 800w, https:\/\/sinafotografiert.de\/wp-content\/uploads\/2020\/09\/Foto-08.04.22-06-16-51-1200x1800.jpg 1200w, https:\/\/sinafotografiert.de\/wp-content\/uploads\/2020\/09\/Foto-08.04.22-06-16-51-scaled.jpg 1280w\" sizes=\"auto, (min-width: 2200px) 100vw, (min-width: 1004px) 387px, (min-width: 822px) 580px, (min-width: 640px) 822px, \" \/><\/div><\/a><\/div><\/div><div style=\"padding:5px;\" class=\"fusion-grid-column fusion-gallery-column fusion-gallery-column-3 hover-type-none fusion-element-grid\"><div class=\"fusion-gallery-image\"><a href=\"https:\/\/sinafotografiert.de\/wp-content\/uploads\/2020\/09\/Foto-08.04.22-06-15-20-scaled.jpg\" rel=\"noreferrer\" data-rel=\"iLightbox[gallery_image_1]\" class=\"fusion-lightbox\" target=\"_self\"><div style=\"background-image:url(https:\/\/sinafotografiert.de\/wp-content\/uploads\/2020\/09\/Foto-08.04.22-06-15-20-scaled.jpg);padding-top:calc((100% + 10px) * 0.8 - 5px);background-position:;\" class=\"fusion-masonry-element-container\"><img loading=\"lazy\" decoding=\"async\" src=\"https:\/\/sinafotografiert.de\/wp-content\/uploads\/2020\/09\/Foto-08.04.22-06-15-20-scaled.jpg\" width=\"1280\" height=\"1920\" alt=\"\" title=\"Foto 08.04.22, 06 15 20\" aria-label=\"Foto 08.04.22, 06 15 20\" class=\"img-responsive wp-image-2202\" srcset=\"https:\/\/sinafotografiert.de\/wp-content\/uploads\/2020\/09\/Foto-08.04.22-06-15-20-200x300.jpg 200w, https:\/\/sinafotografiert.de\/wp-content\/uploads\/2020\/09\/Foto-08.04.22-06-15-20-400x600.jpg 400w, https:\/\/sinafotografiert.de\/wp-content\/uploads\/2020\/09\/Foto-08.04.22-06-15-20-600x900.jpg 600w, https:\/\/sinafotografiert.de\/wp-content\/uploads\/2020\/09\/Foto-08.04.22-06-15-20-800x1200.jpg 800w, https:\/\/sinafotografiert.de\/wp-content\/uploads\/2020\/09\/Foto-08.04.22-06-15-20-1200x1800.jpg 1200w, https:\/\/sinafotografiert.de\/wp-content\/uploads\/2020\/09\/Foto-08.04.22-06-15-20-scaled.jpg 1280w\" sizes=\"auto, (min-width: 2200px) 100vw, (min-width: 1004px) 387px, (min-width: 822px) 580px, (min-width: 640px) 822px, \" \/><\/div><\/a><\/div><\/div><\/div><\/div><\/div><\/div><\/div><\/div>","protected":false},"excerpt":{"rendered":"<p>Tiara and Nico celebrated their love with a beautiful after-wedding shoot on the stunning island of Mykonos. Let the magic of the photos wash over you and immerse yourself in a magical morning on Mykonos!<\/p>","protected":false},"author":4,"featured_media":2200,"comment_status":"open","ping_status":"open","sticky":false,"template":"","format":"standard","meta":{"footnotes":""},"categories":[1],"tags":[],"class_list":["post-2316","post","type-post","status-publish","format-standard","has-post-thumbnail","hentry","category-uncategorized"],"yoast_head":"<!-- This site is optimized with the Yoast SEO plugin v24.3 - https:\/\/yoast.com\/wordpress\/plugins\/seo\/ -->\n<title>After Wedding Mykonos - Sina fotografiert<\/title>\n<meta name=\"description\" content=\"Destinationwedding Photographer | Weddingphotographer Mykonos | Greece wedding | Wedding Mykonos | Destinationwedding Greece | After Wedding\" \/>\n<meta name=\"robots\" content=\"index, follow, max-snippet:-1, max-image-preview:large, max-video-preview:-1\" \/>\n<link rel=\"canonical\" href=\"https:\/\/sinafotografiert.de\/en\/after-wedding-mykonos-greece\/\" \/>\n<meta property=\"og:locale\" content=\"en_US\" \/>\n<meta property=\"og:type\" content=\"article\" \/>\n<meta property=\"og:title\" content=\"After Wedding Mykonos - Sina fotografiert\" \/>\n<meta property=\"og:description\" content=\"Destinationwedding Photographer | Weddingphotographer Mykonos | Greece wedding | Wedding Mykonos | Destinationwedding Greece | After Wedding\" \/>\n<meta property=\"og:url\" content=\"https:\/\/sinafotografiert.de\/en\/after-wedding-mykonos-greece\/\" \/>\n<meta property=\"og:site_name\" content=\"Sina fotografiert\" \/>\n<meta property=\"article:published_time\" content=\"2022-09-15T02:52:51+00:00\" \/>\n<meta property=\"article:modified_time\" content=\"2024-04-02T14:51:52+00:00\" \/>\n<meta property=\"og:image\" content=\"https:\/\/sinafotografiert.de\/wp-content\/uploads\/2020\/09\/Foto-08.04.22-06-15-20-2-scaled.jpg\" \/>\n\t<meta property=\"og:image:width\" content=\"1280\" \/>\n\t<meta property=\"og:image:height\" content=\"1920\" \/>\n\t<meta property=\"og:image:type\" content=\"image\/jpeg\" \/>\n<meta name=\"author\" content=\"sinafotografiert_admin\" \/>\n<meta name=\"twitter:card\" content=\"summary_large_image\" \/>\n<meta name=\"twitter:label1\" content=\"Written by\" \/>\n\t<meta name=\"twitter:data1\" content=\"sinafotografiert_admin\" \/>\n\t<meta name=\"twitter:label2\" content=\"Est. reading time\" \/>\n\t<meta name=\"twitter:data2\" content=\"2 minutes\" \/>\n<script type=\"application\/ld+json\" class=\"yoast-schema-graph\">{\"@context\":\"https:\/\/schema.org\",\"@graph\":[{\"@type\":\"WebPage\",\"@id\":\"https:\/\/sinafotografiert.de\/after-wedding-mykonos-greece\/\",\"url\":\"https:\/\/sinafotografiert.de\/after-wedding-mykonos-greece\/\",\"name\":\"After Wedding Mykonos - Sina fotografiert\",\"isPartOf\":{\"@id\":\"https:\/\/sinafotografiert.de\/#website\"},\"primaryImageOfPage\":{\"@id\":\"https:\/\/sinafotografiert.de\/after-wedding-mykonos-greece\/#primaryimage\"},\"image\":{\"@id\":\"https:\/\/sinafotografiert.de\/after-wedding-mykonos-greece\/#primaryimage\"},\"thumbnailUrl\":\"https:\/\/sinafotografiert.de\/wp-content\/uploads\/2020\/09\/Foto-08.04.22-06-15-20-2-scaled.jpg\",\"datePublished\":\"2022-09-15T02:52:51+00:00\",\"dateModified\":\"2024-04-02T14:51:52+00:00\",\"author\":{\"@id\":\"https:\/\/sinafotografiert.de\/#\/schema\/person\/536bb6a0d8c15ef0843fa8af34842440\"},\"description\":\"Destinationwedding Photographer | Weddingphotographer Mykonos | Greece wedding | Wedding Mykonos | Destinationwedding Greece | After Wedding\",\"breadcrumb\":{\"@id\":\"https:\/\/sinafotografiert.de\/after-wedding-mykonos-greece\/#breadcrumb\"},\"inLanguage\":\"en-US\",\"potentialAction\":[{\"@type\":\"ReadAction\",\"target\":[\"https:\/\/sinafotografiert.de\/after-wedding-mykonos-greece\/\"]}]},{\"@type\":\"ImageObject\",\"inLanguage\":\"en-US\",\"@id\":\"https:\/\/sinafotografiert.de\/after-wedding-mykonos-greece\/#primaryimage\",\"url\":\"https:\/\/sinafotografiert.de\/wp-content\/uploads\/2020\/09\/Foto-08.04.22-06-15-20-2-scaled.jpg\",\"contentUrl\":\"https:\/\/sinafotografiert.de\/wp-content\/uploads\/2020\/09\/Foto-08.04.22-06-15-20-2-scaled.jpg\",\"width\":1280,\"height\":1920},{\"@type\":\"BreadcrumbList\",\"@id\":\"https:\/\/sinafotografiert.de\/after-wedding-mykonos-greece\/#breadcrumb\",\"itemListElement\":[{\"@type\":\"ListItem\",\"position\":1,\"name\":\"Home\",\"item\":\"https:\/\/sinafotografiert.de\/\"},{\"@type\":\"ListItem\",\"position\":2,\"name\":\"After Wedding Mykonos\"}]},{\"@type\":\"WebSite\",\"@id\":\"https:\/\/sinafotografiert.de\/#website\",\"url\":\"https:\/\/sinafotografiert.de\/\",\"name\":\"Sina fotografiert\",\"description\":\"\",\"potentialAction\":[{\"@type\":\"SearchAction\",\"target\":{\"@type\":\"EntryPoint\",\"urlTemplate\":\"https:\/\/sinafotografiert.de\/?s={search_term_string}\"},\"query-input\":{\"@type\":\"PropertyValueSpecification\",\"valueRequired\":true,\"valueName\":\"search_term_string\"}}],\"inLanguage\":\"en-US\"},{\"@type\":\"Person\",\"@id\":\"https:\/\/sinafotografiert.de\/#\/schema\/person\/536bb6a0d8c15ef0843fa8af34842440\",\"name\":\"sinafotografiert_admin\",\"image\":{\"@type\":\"ImageObject\",\"inLanguage\":\"en-US\",\"@id\":\"https:\/\/sinafotografiert.de\/#\/schema\/person\/image\/\",\"url\":\"https:\/\/secure.gravatar.com\/avatar\/53bcd7aacd6f24c7c0da55e7adf2d8ab7666c28c91368b39a98b5398553d477f?s=96&d=mm&r=g\",\"contentUrl\":\"https:\/\/secure.gravatar.com\/avatar\/53bcd7aacd6f24c7c0da55e7adf2d8ab7666c28c91368b39a98b5398553d477f?s=96&d=mm&r=g\",\"caption\":\"sinafotografiert_admin\"},\"url\":\"https:\/\/sinafotografiert.de\/en\/author\/sinafotografiert_admin\/\"}]}<\/script>\n<!-- \/ Yoast SEO plugin. -->","yoast_head_json":{"title":"After Wedding Mykonos - Sina fotografiert","description":"Destinationwedding Photographer | Weddingphotographer Mykonos | Greece wedding | Wedding Mykonos | Destinationwedding Greece | After Wedding","robots":{"index":"index","follow":"follow","max-snippet":"max-snippet:-1","max-image-preview":"max-image-preview:large","max-video-preview":"max-video-preview:-1"},"canonical":"https:\/\/sinafotografiert.de\/en\/after-wedding-mykonos-greece\/","og_locale":"en_US","og_type":"article","og_title":"After Wedding Mykonos - Sina fotografiert","og_description":"Destinationwedding Photographer | Weddingphotographer Mykonos | Greece wedding | Wedding Mykonos | Destinationwedding Greece | After Wedding","og_url":"https:\/\/sinafotografiert.de\/en\/after-wedding-mykonos-greece\/","og_site_name":"Sina fotografiert","article_published_time":"2022-09-15T02:52:51+00:00","article_modified_time":"2024-04-02T14:51:52+00:00","og_image":[{"width":1280,"height":1920,"url":"https:\/\/sinafotografiert.de\/wp-content\/uploads\/2020\/09\/Foto-08.04.22-06-15-20-2-scaled.jpg","type":"image\/jpeg"}],"author":"sinafotografiert_admin","twitter_card":"summary_large_image","twitter_misc":{"Written by":"sinafotografiert_admin","Est. reading time":"2 minutes"},"schema":{"@context":"https:\/\/schema.org","@graph":[{"@type":"WebPage","@id":"https:\/\/sinafotografiert.de\/after-wedding-mykonos-greece\/","url":"https:\/\/sinafotografiert.de\/after-wedding-mykonos-greece\/","name":"After Wedding Mykonos - Sina fotografiert","isPartOf":{"@id":"https:\/\/sinafotografiert.de\/#website"},"primaryImageOfPage":{"@id":"https:\/\/sinafotografiert.de\/after-wedding-mykonos-greece\/#primaryimage"},"image":{"@id":"https:\/\/sinafotografiert.de\/after-wedding-mykonos-greece\/#primaryimage"},"thumbnailUrl":"https:\/\/sinafotografiert.de\/wp-content\/uploads\/2020\/09\/Foto-08.04.22-06-15-20-2-scaled.jpg","datePublished":"2022-09-15T02:52:51+00:00","dateModified":"2024-04-02T14:51:52+00:00","author":{"@id":"https:\/\/sinafotografiert.de\/#\/schema\/person\/536bb6a0d8c15ef0843fa8af34842440"},"description":"Destinationwedding Photographer | Weddingphotographer Mykonos | Greece wedding | Wedding Mykonos | Destinationwedding Greece | After Wedding","breadcrumb":{"@id":"https:\/\/sinafotografiert.de\/after-wedding-mykonos-greece\/#breadcrumb"},"inLanguage":"en-US","potentialAction":[{"@type":"ReadAction","target":["https:\/\/sinafotografiert.de\/after-wedding-mykonos-greece\/"]}]},{"@type":"ImageObject","inLanguage":"en-US","@id":"https:\/\/sinafotografiert.de\/after-wedding-mykonos-greece\/#primaryimage","url":"https:\/\/sinafotografiert.de\/wp-content\/uploads\/2020\/09\/Foto-08.04.22-06-15-20-2-scaled.jpg","contentUrl":"https:\/\/sinafotografiert.de\/wp-content\/uploads\/2020\/09\/Foto-08.04.22-06-15-20-2-scaled.jpg","width":1280,"height":1920},{"@type":"BreadcrumbList","@id":"https:\/\/sinafotografiert.de\/after-wedding-mykonos-greece\/#breadcrumb","itemListElement":[{"@type":"ListItem","position":1,"name":"Home","item":"https:\/\/sinafotografiert.de\/"},{"@type":"ListItem","position":2,"name":"After Wedding Mykonos"}]},{"@type":"WebSite","@id":"https:\/\/sinafotografiert.de\/#website","url":"https:\/\/sinafotografiert.de\/","name":"Sina fotografiert","description":"","potentialAction":[{"@type":"SearchAction","target":{"@type":"EntryPoint","urlTemplate":"https:\/\/sinafotografiert.de\/?s={search_term_string}"},"query-input":{"@type":"PropertyValueSpecification","valueRequired":true,"valueName":"search_term_string"}}],"inLanguage":"en-US"},{"@type":"Person","@id":"https:\/\/sinafotografiert.de\/#\/schema\/person\/536bb6a0d8c15ef0843fa8af34842440","name":"sinafotografiert_admin","image":{"@type":"ImageObject","inLanguage":"en-US","@id":"https:\/\/sinafotografiert.de\/#\/schema\/person\/image\/","url":"https:\/\/secure.gravatar.com\/avatar\/53bcd7aacd6f24c7c0da55e7adf2d8ab7666c28c91368b39a98b5398553d477f?s=96&d=mm&r=g","contentUrl":"https:\/\/secure.gravatar.com\/avatar\/53bcd7aacd6f24c7c0da55e7adf2d8ab7666c28c91368b39a98b5398553d477f?s=96&d=mm&r=g","caption":"sinafotografiert_admin"},"url":"https:\/\/sinafotografiert.de\/en\/author\/sinafotografiert_admin\/"}]}},"_links":{"self":[{"href":"https:\/\/sinafotografiert.de\/en\/wp-json\/wp\/v2\/posts\/2316","targetHints":{"allow":["GET"]}}],"collection":[{"href":"https:\/\/sinafotografiert.de\/en\/wp-json\/wp\/v2\/posts"}],"about":[{"href":"https:\/\/sinafotografiert.de\/en\/wp-json\/wp\/v2\/types\/post"}],"author":[{"embeddable":true,"href":"https:\/\/sinafotografiert.de\/en\/wp-json\/wp\/v2\/users\/4"}],"replies":[{"embeddable":true,"href":"https:\/\/sinafotografiert.de\/en\/wp-json\/wp\/v2\/comments?post=2316"}],"version-history":[{"count":11,"href":"https:\/\/sinafotografiert.de\/en\/wp-json\/wp\/v2\/posts\/2316\/revisions"}],"predecessor-version":[{"id":3901,"href":"https:\/\/sinafotografiert.de\/en\/wp-json\/wp\/v2\/posts\/2316\/revisions\/3901"}],"wp:featuredmedia":[{"embeddable":true,"href":"https:\/\/sinafotografiert.de\/en\/wp-json\/wp\/v2\/media\/2200"}],"wp:attachment":[{"href":"https:\/\/sinafotografiert.de\/en\/wp-json\/wp\/v2\/media?parent=2316"}],"wp:term":[{"taxonomy":"category","embeddable":true,"href":"https:\/\/sinafotografiert.de\/en\/wp-json\/wp\/v2\/categories?post=2316"},{"taxonomy":"post_tag","embeddable":true,"href":"https:\/\/sinafotografiert.de\/en\/wp-json\/wp\/v2\/tags?post=2316"}],"curies":[{"name":"wp","href":"https:\/\/api.w.org\/{rel}","templated":true}]}}